{"id":42695,"date":"2015-03-28T10:53:21","date_gmt":"2015-03-28T10:53:21","guid":{"rendered":"http:\/\/medicinacienciayarte.com\/wp\/?p=42695"},"modified":"2015-03-28T10:53:21","modified_gmt":"2015-03-28T10:53:21","slug":"florecera-de-la-fragilidad-y-la-belleza-de-la-vida","status":"publish","type":"post","link":"https:\/\/medicinacienciayarte.com\/wp\/blog\/florecera-de-la-fragilidad-y-la-belleza-de-la-vida\/","title":{"rendered":"Florecer\u00e1&#8230;de la fragilidad y la belleza de la vida"},"content":{"rendered":"<p style=\"text-align: justify;\">Hace m\u00e1s de un a\u00f1o,<img data-recalc-dims=\"1\" loading=\"lazy\" decoding=\"async\" class=\"alignleft size-medium wp-image-42696\" src=\"https:\/\/i0.wp.com\/medicinacienciayarte.com\/wp\/wp-content\/uploads\/2015\/03\/IMG_1365.jpg?resize=240%2C300&#038;ssl=1\" alt=\"Orqu\u00eddeas\" width=\"240\" height=\"300\" srcset=\"https:\/\/i0.wp.com\/medicinacienciayarte.com\/wp\/wp-content\/uploads\/2015\/03\/IMG_1365.jpg?resize=240%2C300&amp;ssl=1 240w, https:\/\/i0.wp.com\/medicinacienciayarte.com\/wp\/wp-content\/uploads\/2015\/03\/IMG_1365.jpg?resize=821%2C1024&amp;ssl=1 821w, https:\/\/i0.wp.com\/medicinacienciayarte.com\/wp\/wp-content\/uploads\/2015\/03\/IMG_1365.jpg?w=1959&amp;ssl=1 1959w, https:\/\/i0.wp.com\/medicinacienciayarte.com\/wp\/wp-content\/uploads\/2015\/03\/IMG_1365.jpg?w=1050&amp;ssl=1 1050w, https:\/\/i0.wp.com\/medicinacienciayarte.com\/wp\/wp-content\/uploads\/2015\/03\/IMG_1365.jpg?w=1575&amp;ssl=1 1575w\" sizes=\"auto, (max-width: 240px) 100vw, 240px\" \/> el 14 de febrero, recib\u00ed como regalo una orqu\u00eddea, con su maceta y todo. Elegante, fr\u00e1gil, enfrent\u00e1ndose con todo su esplendor a la fragilidad y lo ef\u00edmero de su vida.<\/p>\n<p style=\"text-align: justify;\">Yo no soy especialmente cuidadosa con las plantas. Y tras un par de meses, la orqu\u00eddea perdi\u00f3 su esplendor, su flores se secaron y dej\u00f3 solamente como testimonio de su pasado unas ra\u00edces marrones y unos troncos secos que se resist\u00edan a caer.<\/p>\n<p style=\"text-align: justify;\">Y la orqu\u00eddea pas\u00f3 al patio. Perdi\u00f3 el glamour y el derecho a ser mostrada en la sala principal de la casa. Y la aparqu\u00e9, junto a otras plantas, perezosa para librarme de la maceta de la que yo cre\u00eda planta ya muerta. Y el verano, el oto\u00f1o y el invierno all\u00ed estuvo. mendigando algo de agua de la que ca\u00eda en el resto de plantas, m\u00e1s lozanas, menos aristocr\u00e1ticas. Y tampoco mucho, que no puedo presumir de conseguir que mis plantas sobrevivan y destaquen.<!--more--><\/p>\n<p style=\"text-align: justify;\">Y, de repente, pasadas las navidades, la orqu\u00eddea reclam\u00f3 su lugar. Nuevos brotes lucharon por ser vistos por esta despistada que escribe y, casi a gritos, proclam\u00f3 su vitalidad. Estamos a final de marzo. Y ah\u00ed contin\u00faa, recuperado su lugar en el universo de mi casa. Pidiendo poco, casi solo una mirada, y alegrando mis entradas y salidas, mis paseos a la cocina, mis momentos de desesperaci\u00f3n, con sus fr\u00e1giles flores blancas. Grit\u00e1ndome que, incluso quien creemos fr\u00e1gil, puede elevarse y resistir, y mostrar al mundo al belleza de su alma y la valent\u00eda de su lucha.<\/p>\n<p style=\"text-align: justify;\">Hace 4 d\u00edas fui testigo de la comunicaci\u00f3n de un mal diagn\u00f3stico a una persona muy, muy cercana. Ser, a la vez, m\u00e9dica y familiar, nos coloca siempre en un lugar indeterminado, el mundo de la frontera, sin poder reclamar la ciudadan\u00eda en ning\u00fan reino, ap\u00e1tridas para siempre. No podemos ser lo uno sin lo otro, y no sabemos ser lo uno con lo otro. Lo racional y lo emocional chocan como las nubes de tormenta, y no hay impermeable que nos proteja del chaparr\u00f3n. Ahora empieza un largo camino, pero la orqu\u00eddea me demuestra que, dentro de un a\u00f1o, todo podr\u00e1 renacer de nuevo, el invierno ser\u00e1 olvidado y la primavera prevalecer\u00e1. Porque lo importante es tener la paciencia de crecer incluso cuando todo se pone cuesta arriba. Y las flores, aunque fr\u00e1giles, podr\u00e1n volver a florecer.<\/p>\n<p style=\"text-align: justify;\">\n","protected":false},"excerpt":{"rendered":"<p>Hace m\u00e1s de un a\u00f1o, el 14 de febrero, recib\u00ed como regalo una orqu\u00eddea, con su maceta y todo. Elegante, fr\u00e1gil, enfrent\u00e1ndose con todo su esplendor a la fragilidad y lo ef\u00edmero de su vida. Yo no soy especialmente cuidadosa con las plantas. Y tras un par de meses, la orqu\u00eddea perdi\u00f3 su esplendor, su &hellip; <\/p>\n<p class=\"link-more\"><a href=\"https:\/\/medicinacienciayarte.com\/wp\/blog\/florecera-de-la-fragilidad-y-la-belleza-de-la-vida\/\" class=\"more-link\">Continuar leyendo<span class=\"screen-reader-text\"> \u00abFlorecer\u00e1&#8230;de la fragilidad y la belleza de la vida\u00bb<\/span><\/a><\/p>\n","protected":false},"author":1,"featured_media":0,"comment_status":"open","ping_status":"open","sticky":false,"template":"","format":"standard","meta":{"pagelayer_contact_templates":[],"_pagelayer_content":"","jetpack_post_was_ever_published":false,"_jetpack_newsletter_access":"","_jetpack_dont_email_post_to_subs":false,"_jetpack_newsletter_tier_id":0,"_jetpack_memberships_contains_paywalled_content":false,"_jetpack_memberships_contains_paid_content":false,"footnotes":"","jetpack_publicize_message":"","jetpack_publicize_feature_enabled":true,"jetpack_social_post_already_shared":true,"jetpack_social_options":{"image_generator_settings":{"template":"highway","default_image_id":0,"font":"","enabled":false},"version":2}},"categories":[102],"tags":[8],"class_list":["post-42695","post","type-post","status-publish","format-standard","hentry","category-emociones","tag-reflexiones"],"jetpack_publicize_connections":[],"jetpack_featured_media_url":"","jetpack_sharing_enabled":true,"jetpack_shortlink":"https:\/\/wp.me\/p3ygQ1-b6D","jetpack_likes_enabled":true,"_links":{"self":[{"href":"https:\/\/medicinacienciayarte.com\/wp\/wp-json\/wp\/v2\/posts\/42695","targetHints":{"allow":["GET"]}}],"collection":[{"href":"https:\/\/medicinacienciayarte.com\/wp\/wp-json\/wp\/v2\/posts"}],"about":[{"href":"https:\/\/medicinacienciayarte.com\/wp\/wp-json\/wp\/v2\/types\/post"}],"author":[{"embeddable":true,"href":"https:\/\/medicinacienciayarte.com\/wp\/wp-json\/wp\/v2\/users\/1"}],"replies":[{"embeddable":true,"href":"https:\/\/medicinacienciayarte.com\/wp\/wp-json\/wp\/v2\/comments?post=42695"}],"version-history":[{"count":0,"href":"https:\/\/medicinacienciayarte.com\/wp\/wp-json\/wp\/v2\/posts\/42695\/revisions"}],"wp:attachment":[{"href":"https:\/\/medicinacienciayarte.com\/wp\/wp-json\/wp\/v2\/media?parent=42695"}],"wp:term":[{"taxonomy":"category","embeddable":true,"href":"https:\/\/medicinacienciayarte.com\/wp\/wp-json\/wp\/v2\/categories?post=42695"},{"taxonomy":"post_tag","embeddable":true,"href":"https:\/\/medicinacienciayarte.com\/wp\/wp-json\/wp\/v2\/tags?post=42695"}],"curies":[{"name":"wp","href":"https:\/\/api.w.org\/{rel}","templated":true}]}}